{"id":48,"date":"2015-12-31T17:20:52","date_gmt":"2015-12-31T16:20:52","guid":{"rendered":"http:\/\/mgd.o12.pl\/wp\/?p=48"},"modified":"2018-02-22T21:31:34","modified_gmt":"2018-02-22T20:31:34","slug":"antonina-gornicka","status":"publish","type":"post","link":"https:\/\/mgd.ovh\/wpm\/2015\/12\/31\/antonina-gornicka\/","title":{"rendered":"Antonina G\u00f3rnicka"},"content":{"rendered":"<p>Dzisiaj gar\u015b\u0107 informacji o Antoninie Soleckiej z G\u00f3rnickich, prababci mojej \u017cony po k\u0105dzieli.<\/p>\n<p>Z ustnych przekaz\u00f3w rodzinnych o Antoninie wiadomo, \u017ce w pierwszych latach po II wojnie \u015bwiatowej mieszka\u0142a z c\u00f3rk\u0105 i wnuczkami w domu przy cmentarzu \u017cydowskim w Podd\u0119bicach. Jej potomkowie mieszkaj\u0105 tam do dzi\u015b.<!--more--><\/p>\n<p>Zachowa\u0142o si\u0119 jedno zdj\u0119cie Antoniny:<\/p>\n<p><img loading=\"lazy\" decoding=\"async\" class=\"size-medium wp-image-49 aligncenter\" src=\"http:\/\/mgd.ovh\/wpm\/wp-content\/uploads\/2015\/12\/AntoninaGornicka-213x300.png\" alt=\"AntoninaGornicka\" width=\"213\" height=\"300\" srcset=\"https:\/\/mgd.ovh\/wpm\/wp-content\/uploads\/2015\/12\/AntoninaGornicka-213x300.png 213w, https:\/\/mgd.ovh\/wpm\/wp-content\/uploads\/2015\/12\/AntoninaGornicka.png 400w\" sizes=\"auto, (max-width: 213px) 85vw, 213px\" \/><\/p>\n<p>Antonina zosta\u0142a pochowana na cmentarzu w Podd\u0119bicach w grobie,<br \/>\nw kt\u00f3rym dzi\u015b spoczywa tak\u017ce jej najm\u0142odsza c\u00f3rka: Helena Krysiak. Jest tam pochowany r\u00f3wnie\u017c m\u0105\u017c Antoniny &#8211; J\u00f3zef Solecki vel Sujecki.<br \/>\nDok\u0142adna data ich \u015bmierci nie jest mi znana. Na grobie znajduje si\u0119 tabliczka zawieraj\u0105ca jedynie ich imiona i nazwisko.<\/p>\n<p><img loading=\"lazy\" decoding=\"async\" class=\"size-full wp-image-52 aligncenter\" src=\"http:\/\/mgd.ovh\/wpm\/wp-content\/uploads\/2015\/12\/AntoninaiJozefSoleccy.jpg\" alt=\"AntoninaiJozefSoleccy\" width=\"250\" height=\"184\" \/>Na \u015blad dokument\u00f3w dotycz\u0105cych Antoniny i J\u00f3zefa trafi\u0142em na <a href=\"http:\/\/geneteka.genealodzy.pl\/index.php?op=gt&amp;lang=pol&amp;search_lastname=gornicka&amp;search_lastname2=sujecki&amp;from_date=&amp;to_date=&amp;exac=&amp;rid=S&amp;w=05ld\">Genetece<\/a>. W roku 1915 w ko\u015bciele w Podd\u0119bicach wzi\u0119li oni \u015blub, akt zapisano pod numerem \u00f3smym. Akt znajduje si\u0119 w Archiwum Archidiecezji \u0141\u00f3dzkiej. Wybra\u0142em si\u0119 tam aby dok\u0142adnie poznac jego tre\u015b\u0107. Po wcze\u015bniejszym telefonicznym um\u00f3wieniu terminu uda\u0142em si\u0119 na ulic\u0119 Ksi\u0119dza Skorupki w \u0141odzi, gdzie przy ci\u0119\u017ckim biurku, w ciasnym pomieszczeniu pracowni naukowej, po za\u0142o\u017ceniu bawe\u0142nianych r\u0119kawiczek mog\u0142em przewraca\u0107 stronice ksi\u0119gi.<\/p>\n<p>Akt stwierdza, \u017ce 29 sierpnia 1915 roku, zawarte zosta\u0142o ma\u0142\u017ce\u0144stwo mi\u0119dzy J\u00f3\u017cefem Sujeckim, kawalerem s\u0142u\u017c\u0105cym z Podd\u0119bic synem Stanis\u0142awa i zmar\u0142ej Marianny z Zarzyckich urodzonym w Pud\u0142owie lat 21, a Antonin\u0105 G\u00f3rnick\u0105 pann\u0105, s\u0142u\u017c\u0105c\u0105 w Podd\u0119bicach, lat 25 urodzon\u0105 w Niewieszu c\u00f3rk\u0105 Wojciecha i Justyny. Wed\u0142ug rodzinnych przekaz\u00f3w, Antonina by\u0142a znacznie starsza od swego m\u0119\u017ca.\u00a0 Czytaj\u0105c akt widzimy, \u017ce starsza by\u0142a, ale wed\u0142ug tego co zapisano, tylko o 4 lata.<\/p>\n<p>Moje kolejne kroki skierowa\u0142em do Niewiesza, tym razem wirtualnie, gdy\u017c akta z tamtejszej parafii pocz\u0105wszy od roku 1856 dost\u0119pne s\u0105 na <a href=\"http:\/\/metryki.genealodzy.pl\/ar3-zs1601d\">Metrykach<\/a>. Z aktu \u015blubu wynika\u0142oby, \u017ce Antonina urodzi\u0142a si\u0119 w roku 1890, ale jej akt urodzenia znalaz\u0142em dopiero po przejrzeniu skorowidz\u00f3w w kilku kolejnych ksi\u0119gach &#8211; w roczniku 1884. Zgodno\u015b\u0107 imion rodzic\u00f3w wskazuje na to, \u017ce akt urodzenia nr <a href=\"http:\/\/metryki.genealodzy.pl\/metryka.php?ar=3&amp;zs=1601d&amp;sy=1884&amp;kt=1&amp;plik=016-021.jpg#zoom=1.5&amp;x=201&amp;y=891\">17<\/a> z miejscowo\u015bci Sempu\u0142ki w parafii Niewiesz dotyczy &#8222;naszej&#8221; Antoniny. Znalaz\u0142a w nim potwierdzenie rodzinna historia o znacznej rozbie\u017cno\u015bci wieku prababci i jej m\u0119\u017ca.<\/p>\n<p>Niestety nie wiem dlaczego Antonina urodzi\u0142a si\u0119 w Sempu\u0142kach. Jej rodze\u0144stwo, czyli inne dzieci Wojciecha i Justyny Madaj, bo takie by\u0142o nazwisko panie\u0144skie matki, urodzi\u0142y si\u0119 gdzie indziej. Wojciech i Justyna pobrali si\u0119 w 1877 w Niemys\u0142owie i tam w latach 1879-1889 rodzi\u0142y si\u0119 ich dzieci.<\/p>\n<p>Zako\u0144cz\u0119 ten wpis informacj\u0105 o rodzicach Antoniny. Wojciech urodzi\u0142 si\u0119 w Zagaju w parafii Sk\u0119czniew oko\u0142o 1858 roku jako syn Wincentego i J\u00f3zefy z Ciesielskich. Historia jego przodk\u00f3w nie zosta\u0142a jeszcze przeze mnie odkryta. Wyjazd do Poznania gdzie znajduj\u0105 si\u0119 akta z parafii Sk\u0119czniew ci\u0105gle jest w planach. Justyna urodzi\u0142a si\u0119 w Niemys\u0142owie w 1853 w rodzinie Dionizego Ludwika Bertranda Madaja i Emilii Marianny z Kozelan\u00f3w. Po wi\u0119cej szczeg\u00f3\u0142\u00f3w na temat jej przodk\u00f3w zapraszam jak zwykle do <a href=\"https:\/\/mgd.ovh\/wbt\/individual.php?pid=I500100&amp;ged=dabrowscy\">drzewa<\/a>.<\/p>\n","protected":false},"excerpt":{"rendered":"<p>Dzisiaj gar\u015b\u0107 informacji o Antoninie Soleckiej z G\u00f3rnickich, prababci mojej \u017cony po k\u0105dzieli. Z ustnych przekaz\u00f3w rodzinnych o Antoninie wiadomo, \u017ce w pierwszych latach po II wojnie \u015bwiatowej mieszka\u0142a z c\u00f3rk\u0105 i wnuczkami w domu przy cmentarzu \u017cydowskim w Podd\u0119bicach. Jej potomkowie mieszkaj\u0105 tam do dzi\u015b.<\/p>\n","protected":false},"author":1,"featured_media":0,"comment_status":"open","ping_status":"open","sticky":false,"template":"","format":"standard","meta":{"footnotes":""},"categories":[3],"tags":[12,17,18],"class_list":["post-48","post","type-post","status-publish","format-standard","hentry","category-genea","tag-gorniccy","tag-niemyslow","tag-niewiesz"],"_links":{"self":[{"href":"https:\/\/mgd.ovh\/wpm\/wp-json\/wp\/v2\/posts\/48","targetHints":{"allow":["GET"]}}],"collection":[{"href":"https:\/\/mgd.ovh\/wpm\/wp-json\/wp\/v2\/posts"}],"about":[{"href":"https:\/\/mgd.ovh\/wpm\/wp-json\/wp\/v2\/types\/post"}],"author":[{"embeddable":true,"href":"https:\/\/mgd.ovh\/wpm\/wp-json\/wp\/v2\/users\/1"}],"replies":[{"embeddable":true,"href":"https:\/\/mgd.ovh\/wpm\/wp-json\/wp\/v2\/comments?post=48"}],"version-history":[{"count":4,"href":"https:\/\/mgd.ovh\/wpm\/wp-json\/wp\/v2\/posts\/48\/revisions"}],"predecessor-version":[{"id":195,"href":"https:\/\/mgd.ovh\/wpm\/wp-json\/wp\/v2\/posts\/48\/revisions\/195"}],"wp:attachment":[{"href":"https:\/\/mgd.ovh\/wpm\/wp-json\/wp\/v2\/media?parent=48"}],"wp:term":[{"taxonomy":"category","embeddable":true,"href":"https:\/\/mgd.ovh\/wpm\/wp-json\/wp\/v2\/categories?post=48"},{"taxonomy":"post_tag","embeddable":true,"href":"https:\/\/mgd.ovh\/wpm\/wp-json\/wp\/v2\/tags?post=48"}],"curies":[{"name":"wp","href":"https:\/\/api.w.org\/{rel}","templated":true}]}}